{"id":3204,"date":"2020-10-30T09:22:01","date_gmt":"2020-10-30T09:22:01","guid":{"rendered":"https:\/\/sakata.carravedo.es\/?p=538"},"modified":"2023-01-10T10:05:43","modified_gmt":"2023-01-10T10:05:43","slug":"colaboracion-y-especializacion-de-la-comunicacion-del-sector-agricola-claves-para-llegar-al-consumidor-2","status":"publish","type":"post","link":"https:\/\/sakataiberica.com\/pt-pt\/colaboracion-y-especializacion-de-la-comunicacion-del-sector-agricola-claves-para-llegar-al-consumidor-2\/","title":{"rendered":"Colabora\u00e7\u00e3o e especializa\u00e7\u00e3o da comunica\u00e7\u00e3o do setor agr\u00edcola"},"content":{"rendered":"\r\n<div class=\"wp-block-columns is-layout-flex wp-container-core-columns-is-layout-9d6595d7 wp-block-columns-is-layout-flex\">\r\n<div class=\"wp-block-column is-layout-flow wp-block-column-is-layout-flow\" style=\"flex-basis:25%\"><\/div>\r\n\r\n\r\n\r\n<div class=\"wp-block-column is-layout-flow wp-block-column-is-layout-flow\" style=\"flex-basis:50%\"><\/div>\r\n\r\n\r\n\r\n<div class=\"wp-block-column is-layout-flow wp-block-column-is-layout-flow\" style=\"flex-basis:25%\"><\/div>\r\n<\/div>\r\n\r\n\r\n\r\n<figure class=\"wp-block-image size-large is-style-default\"><img decoding=\"async\" src=\"https:\/\/www.sakataiberica.com\/\/wp-content\/uploads\/2021\/05\/PS_SAKATA_FA2020_02-2-1024x576.jpg\" alt=\"Fruit Attraction 01\" class=\"wp-image-540\"\/><\/figure>\r\n\r\n\r\n\r\n\r\n\r\n<p>Como consequ\u00eancia da grave crise de sa\u00fade que estamos a viver devido \u00e0 Covid-19, a Fruit Attraction, uma das maiores feiras hortofrut\u00edcolas da Europa, viu-se obrigada a reinventar-se para poder celebrar a sua 12\u00aa edi\u00e7\u00e3o. Atrav\u00e9s do LiveConnect, a plataforma online avan\u00e7ada que serve de liga\u00e7\u00e3o entre todos os profissionais e empresas do sector, Javier Bernab\u00e9u participou no webinar \u2018Presente e futuro face ao coronav\u00edrus. Nutri\u00e7\u00e3o personalizada, branding&#8217;. O evento online foi organizado pela Revista Mercados e dirigido pela sua diretora, Amalia del R\u00edo. Acompanharam Bernab\u00e9u, Alberto Cuadrado da Rijk Zawaan, Juan Mar\u00eda do Campo de Lorca, Enrique de los R\u00edos da \u00danica e Jacinto Fern\u00e1ndez do El Corte Ingl\u00e9s.<\/p>\r\n\r\n\r\n\r\n<p>O evento girou em torno de uma grande ideia, a necessidade de unir esfor\u00e7os para refor\u00e7ar o marketing e a comunica\u00e7\u00e3o no setor agr\u00edcola e transmitir ao consumidor os benef\u00edcios e vantagens dos produtos hortofrut\u00edcolas.<\/p>\r\n\r\n\r\n\r\n<p>\u201cO setor agr\u00edcola est\u00e1 em d\u00edvida para com o consumidor\u201d, referiu o Diretor da Sakata, justificando que \u201cdeix\u00e1mos outros setores da alimenta\u00e7\u00e3o usarem os nossos atributos, como a sa\u00fade, o natural, a proximidade\u201d. Por outro lado, os produtos verdadeiramente saud\u00e1veis, como as frutas e verduras, n\u00e3o tiveram impacto no consumidor da mesma forma que os produzidos pelas grandes marcas. Em contrapartida, Bernab\u00e9u incentiva a mudan\u00e7a e, do seu ponto de vista, a grande vantagem do setor perante esta realidade \u00e9 que \u201csomos muita gente\u201d e cada um pode \u201ccontribuir com o seu gr\u00e3o de areia para encher o celeiro.\u201d<\/p>\r\n\r\n\r\n\r\n<p><strong>Uni\u00e3o do setor e comunica\u00e7\u00e3o<\/strong><\/p>\r\n\r\n\r\n\r\n<p>\u00c9 popularmente conhecido o ditado \u201ca uni\u00e3o faz a for\u00e7a\u201d, mas para que esta for\u00e7a tenha impacto na sociedade \u00e9 essencial saber comunicar, gerar experi\u00eancias atrav\u00e9s dos produtos hortofrut\u00edcolas. Para Javier, este facto n\u00e3o se concretiza de outra forma que n\u00e3o seja atrav\u00e9s da profissionaliza\u00e7\u00e3o da comunica\u00e7\u00e3o, deixando-a nas m\u00e3os de especialistas da \u00e1rea, desta forma, colocaremos as frutas e legumes os legumes na \u201cmoda\u201d, \u201ccomunicando os seus benef\u00edcios e qualidades\u201d.<\/p>\r\n\r\n\r\n\r\n<p>\u201cO aumento da procura por produtos b\u00e1sicos em tempos de crise, como o que vivemos com a Covid-19, n\u00e3o prejudicou os produtos de valor acrescentado como o Bimi\u201d, salientou o diretor da empresa criadora de sementes. Isto porque, no caso do Bimi, \u00e9 um \u201cproduto honesto em rela\u00e7\u00e3o aos seus atributos e benef\u00edcios\u201d.<\/p>\r\n\r\n\r\n\r\n<p>Para concluir, Bernab\u00e9u destacou que \u201ctemos de aproveitar a crescente procura por produtos hortofrut\u00edcolas como resultado da Covid-19\u201d e aponta plataformas como \u201c5 al D\u00eda\u201dcomo aliado e eixo veicular de todo o setor para comunicar ao setor os benef\u00edcios do consumo de frutas e verduras para a sa\u00fade.<\/p>\r\n\r\n\r\n\r\n<div class=\"wp-block-nextend-smartslider3\">[smartslider3 slider=&#8221;11&#8243;]<\/div>\r\n","protected":false},"excerpt":{"rendered":"<p>Como consequ\u00eancia da grave crise de sa\u00fade que estamos a viver devido \u00e0 Covid-19, a Fruit Attraction, uma das maiores feiras hortofrut\u00edcolas da Europa, viu-se obrigada a reinventar-se para poder celebrar a sua 12\u00aa edi\u00e7\u00e3o. Atrav\u00e9s do LiveConnect, a plataforma online avan\u00e7ada que serve de liga\u00e7\u00e3o entre todos os profissionais e empresas do sector, Javier [&hellip;]<\/p>\n","protected":false},"author":3,"featured_media":5007,"comment_status":"closed","ping_status":"open","sticky":false,"template":"","format":"standard","meta":{"_monsterinsights_skip_tracking":false,"_monsterinsights_sitenote_active":false,"_monsterinsights_sitenote_note":"","_monsterinsights_sitenote_category":0,"footnotes":""},"categories":[2],"tags":[],"class_list":["post-3204","post","type-post","status-publish","format-standard","has-post-thumbnail","hentry","category-sem-categoria"],"aioseo_notices":[],"yoast_head":"<!-- This site is optimized with the Yoast SEO plugin v27.5 - https:\/\/yoast.com\/product\/yoast-seo-wordpress\/ -->\n<title>Colabora\u00e7\u00e3o e especializa\u00e7\u00e3o da comunica\u00e7\u00e3o do setor agr\u00edcola - Sakata Seed Iberica<\/title>\n<meta name=\"robots\" content=\"index, follow, max-snippet:-1, max-image-preview:large, max-video-preview:-1\" \/>\n<link rel=\"canonical\" href=\"https:\/\/sakataiberica.com\/pt-pt\/colaboracion-y-especializacion-de-la-comunicacion-del-sector-agricola-claves-para-llegar-al-consumidor-2\/\" \/>\n<meta property=\"og:locale\" content=\"pt_PT\" \/>\n<meta property=\"og:type\" content=\"article\" \/>\n<meta property=\"og:title\" content=\"Colabora\u00e7\u00e3o e especializa\u00e7\u00e3o da comunica\u00e7\u00e3o do setor agr\u00edcola - Sakata Seed Iberica\" \/>\n<meta property=\"og:description\" content=\"Como consequ\u00eancia da grave crise de sa\u00fade que estamos a viver devido \u00e0 Covid-19, a Fruit Attraction, uma das maiores feiras hortofrut\u00edcolas da Europa, viu-se obrigada a reinventar-se para poder celebrar a sua 12\u00aa edi\u00e7\u00e3o. Atrav\u00e9s do LiveConnect, a plataforma online avan\u00e7ada que serve de liga\u00e7\u00e3o entre todos os profissionais e empresas do sector, Javier [&hellip;]\" \/>\n<meta property=\"og:url\" content=\"https:\/\/sakataiberica.com\/pt-pt\/colaboracion-y-especializacion-de-la-comunicacion-del-sector-agricola-claves-para-llegar-al-consumidor-2\/\" \/>\n<meta property=\"og:site_name\" content=\"Sakata Seed Iberica\" \/>\n<meta property=\"article:published_time\" content=\"2020-10-30T09:22:01+00:00\" \/>\n<meta property=\"article:modified_time\" content=\"2023-01-10T10:05:43+00:00\" \/>\n<meta property=\"og:image\" content=\"http:\/\/sakataiberica.com\/wp-content\/uploads\/2020\/10\/comunicacion-sector-agricola.jpg\" \/>\n\t<meta property=\"og:image:width\" content=\"1000\" \/>\n\t<meta property=\"og:image:height\" content=\"664\" \/>\n\t<meta property=\"og:image:type\" content=\"image\/jpeg\" \/>\n<meta name=\"author\" content=\"Sakata\" \/>\n<meta name=\"twitter:card\" content=\"summary_large_image\" \/>\n<meta name=\"twitter:label1\" content=\"Escrito por\" \/>\n\t<meta name=\"twitter:data1\" content=\"Sakata\" \/>\n\t<meta name=\"twitter:label2\" content=\"Tempo estimado de leitura\" \/>\n\t<meta name=\"twitter:data2\" content=\"3 minutos\" \/>\n<script type=\"application\/ld+json\" class=\"yoast-schema-graph\">{\"@context\":\"https:\\\/\\\/schema.org\",\"@graph\":[{\"@type\":\"Article\",\"@id\":\"https:\\\/\\\/sakataiberica.com\\\/pt-pt\\\/colaboracion-y-especializacion-de-la-comunicacion-del-sector-agricola-claves-para-llegar-al-consumidor-2\\\/#article\",\"isPartOf\":{\"@id\":\"https:\\\/\\\/sakataiberica.com\\\/pt-pt\\\/colaboracion-y-especializacion-de-la-comunicacion-del-sector-agricola-claves-para-llegar-al-consumidor-2\\\/\"},\"author\":{\"name\":\"Sakata\",\"@id\":\"https:\\\/\\\/sakataiberica.com\\\/pt-pt\\\/#\\\/schema\\\/person\\\/d6225d4cedd7fe9c0b372fa2624a795b\"},\"headline\":\"Colabora\u00e7\u00e3o e especializa\u00e7\u00e3o da comunica\u00e7\u00e3o do setor agr\u00edcola\",\"datePublished\":\"2020-10-30T09:22:01+00:00\",\"dateModified\":\"2023-01-10T10:05:43+00:00\",\"mainEntityOfPage\":{\"@id\":\"https:\\\/\\\/sakataiberica.com\\\/pt-pt\\\/colaboracion-y-especializacion-de-la-comunicacion-del-sector-agricola-claves-para-llegar-al-consumidor-2\\\/\"},\"wordCount\":485,\"image\":{\"@id\":\"https:\\\/\\\/sakataiberica.com\\\/pt-pt\\\/colaboracion-y-especializacion-de-la-comunicacion-del-sector-agricola-claves-para-llegar-al-consumidor-2\\\/#primaryimage\"},\"thumbnailUrl\":\"https:\\\/\\\/sakataiberica.com\\\/wp-content\\\/uploads\\\/2020\\\/10\\\/comunicacion-sector-agricola.jpg\",\"inLanguage\":\"pt-PT\"},{\"@type\":\"WebPage\",\"@id\":\"https:\\\/\\\/sakataiberica.com\\\/pt-pt\\\/colaboracion-y-especializacion-de-la-comunicacion-del-sector-agricola-claves-para-llegar-al-consumidor-2\\\/\",\"url\":\"https:\\\/\\\/sakataiberica.com\\\/pt-pt\\\/colaboracion-y-especializacion-de-la-comunicacion-del-sector-agricola-claves-para-llegar-al-consumidor-2\\\/\",\"name\":\"Colabora\u00e7\u00e3o e especializa\u00e7\u00e3o da comunica\u00e7\u00e3o do setor agr\u00edcola - Sakata Seed Iberica\",\"isPartOf\":{\"@id\":\"https:\\\/\\\/sakataiberica.com\\\/pt-pt\\\/#website\"},\"primaryImageOfPage\":{\"@id\":\"https:\\\/\\\/sakataiberica.com\\\/pt-pt\\\/colaboracion-y-especializacion-de-la-comunicacion-del-sector-agricola-claves-para-llegar-al-consumidor-2\\\/#primaryimage\"},\"image\":{\"@id\":\"https:\\\/\\\/sakataiberica.com\\\/pt-pt\\\/colaboracion-y-especializacion-de-la-comunicacion-del-sector-agricola-claves-para-llegar-al-consumidor-2\\\/#primaryimage\"},\"thumbnailUrl\":\"https:\\\/\\\/sakataiberica.com\\\/wp-content\\\/uploads\\\/2020\\\/10\\\/comunicacion-sector-agricola.jpg\",\"datePublished\":\"2020-10-30T09:22:01+00:00\",\"dateModified\":\"2023-01-10T10:05:43+00:00\",\"author\":{\"@id\":\"https:\\\/\\\/sakataiberica.com\\\/pt-pt\\\/#\\\/schema\\\/person\\\/d6225d4cedd7fe9c0b372fa2624a795b\"},\"breadcrumb\":{\"@id\":\"https:\\\/\\\/sakataiberica.com\\\/pt-pt\\\/colaboracion-y-especializacion-de-la-comunicacion-del-sector-agricola-claves-para-llegar-al-consumidor-2\\\/#breadcrumb\"},\"inLanguage\":\"pt-PT\",\"potentialAction\":[{\"@type\":\"ReadAction\",\"target\":[\"https:\\\/\\\/sakataiberica.com\\\/pt-pt\\\/colaboracion-y-especializacion-de-la-comunicacion-del-sector-agricola-claves-para-llegar-al-consumidor-2\\\/\"]}]},{\"@type\":\"ImageObject\",\"inLanguage\":\"pt-PT\",\"@id\":\"https:\\\/\\\/sakataiberica.com\\\/pt-pt\\\/colaboracion-y-especializacion-de-la-comunicacion-del-sector-agricola-claves-para-llegar-al-consumidor-2\\\/#primaryimage\",\"url\":\"https:\\\/\\\/sakataiberica.com\\\/wp-content\\\/uploads\\\/2020\\\/10\\\/comunicacion-sector-agricola.jpg\",\"contentUrl\":\"https:\\\/\\\/sakataiberica.com\\\/wp-content\\\/uploads\\\/2020\\\/10\\\/comunicacion-sector-agricola.jpg\",\"width\":1000,\"height\":664},{\"@type\":\"BreadcrumbList\",\"@id\":\"https:\\\/\\\/sakataiberica.com\\\/pt-pt\\\/colaboracion-y-especializacion-de-la-comunicacion-del-sector-agricola-claves-para-llegar-al-consumidor-2\\\/#breadcrumb\",\"itemListElement\":[{\"@type\":\"ListItem\",\"position\":1,\"name\":\"Portada\",\"item\":\"https:\\\/\\\/sakataiberica.com\\\/pt-pt\\\/\"},{\"@type\":\"ListItem\",\"position\":2,\"name\":\"Colabora\u00e7\u00e3o e especializa\u00e7\u00e3o da comunica\u00e7\u00e3o do setor agr\u00edcola\"}]},{\"@type\":\"WebSite\",\"@id\":\"https:\\\/\\\/sakataiberica.com\\\/pt-pt\\\/#website\",\"url\":\"https:\\\/\\\/sakataiberica.com\\\/pt-pt\\\/\",\"name\":\"Sakata Seed Iberica\",\"description\":\"NUESTRA PASI\u00d3N SON LAS SEMILLAS | EL ORIGEN DE LA VIDA\",\"potentialAction\":[{\"@type\":\"SearchAction\",\"target\":{\"@type\":\"EntryPoint\",\"urlTemplate\":\"https:\\\/\\\/sakataiberica.com\\\/pt-pt\\\/?s={search_term_string}\"},\"query-input\":{\"@type\":\"PropertyValueSpecification\",\"valueRequired\":true,\"valueName\":\"search_term_string\"}}],\"inLanguage\":\"pt-PT\"},{\"@type\":\"Person\",\"@id\":\"https:\\\/\\\/sakataiberica.com\\\/pt-pt\\\/#\\\/schema\\\/person\\\/d6225d4cedd7fe9c0b372fa2624a795b\",\"name\":\"Sakata\",\"image\":{\"@type\":\"ImageObject\",\"inLanguage\":\"pt-PT\",\"@id\":\"https:\\\/\\\/secure.gravatar.com\\\/avatar\\\/62f7546050f4ba8d6ddb99747d08bb5b265303cb152754980febf15419df9129?s=96&d=mm&r=g\",\"url\":\"https:\\\/\\\/secure.gravatar.com\\\/avatar\\\/62f7546050f4ba8d6ddb99747d08bb5b265303cb152754980febf15419df9129?s=96&d=mm&r=g\",\"contentUrl\":\"https:\\\/\\\/secure.gravatar.com\\\/avatar\\\/62f7546050f4ba8d6ddb99747d08bb5b265303cb152754980febf15419df9129?s=96&d=mm&r=g\",\"caption\":\"Sakata\"},\"url\":\"https:\\\/\\\/sakataiberica.com\\\/pt-pt\\\/author\\\/sakata\\\/\"}]}<\/script>\n<!-- \/ Yoast SEO plugin. -->","yoast_head_json":{"title":"Colabora\u00e7\u00e3o e especializa\u00e7\u00e3o da comunica\u00e7\u00e3o do setor agr\u00edcola - Sakata Seed Iberica","robots":{"index":"index","follow":"follow","max-snippet":"max-snippet:-1","max-image-preview":"max-image-preview:large","max-video-preview":"max-video-preview:-1"},"canonical":"https:\/\/sakataiberica.com\/pt-pt\/colaboracion-y-especializacion-de-la-comunicacion-del-sector-agricola-claves-para-llegar-al-consumidor-2\/","og_locale":"pt_PT","og_type":"article","og_title":"Colabora\u00e7\u00e3o e especializa\u00e7\u00e3o da comunica\u00e7\u00e3o do setor agr\u00edcola - Sakata Seed Iberica","og_description":"Como consequ\u00eancia da grave crise de sa\u00fade que estamos a viver devido \u00e0 Covid-19, a Fruit Attraction, uma das maiores feiras hortofrut\u00edcolas da Europa, viu-se obrigada a reinventar-se para poder celebrar a sua 12\u00aa edi\u00e7\u00e3o. Atrav\u00e9s do LiveConnect, a plataforma online avan\u00e7ada que serve de liga\u00e7\u00e3o entre todos os profissionais e empresas do sector, Javier [&hellip;]","og_url":"https:\/\/sakataiberica.com\/pt-pt\/colaboracion-y-especializacion-de-la-comunicacion-del-sector-agricola-claves-para-llegar-al-consumidor-2\/","og_site_name":"Sakata Seed Iberica","article_published_time":"2020-10-30T09:22:01+00:00","article_modified_time":"2023-01-10T10:05:43+00:00","og_image":[{"width":1000,"height":664,"url":"http:\/\/sakataiberica.com\/wp-content\/uploads\/2020\/10\/comunicacion-sector-agricola.jpg","type":"image\/jpeg"}],"author":"Sakata","twitter_card":"summary_large_image","twitter_misc":{"Escrito por":"Sakata","Tempo estimado de leitura":"3 minutos"},"schema":{"@context":"https:\/\/schema.org","@graph":[{"@type":"Article","@id":"https:\/\/sakataiberica.com\/pt-pt\/colaboracion-y-especializacion-de-la-comunicacion-del-sector-agricola-claves-para-llegar-al-consumidor-2\/#article","isPartOf":{"@id":"https:\/\/sakataiberica.com\/pt-pt\/colaboracion-y-especializacion-de-la-comunicacion-del-sector-agricola-claves-para-llegar-al-consumidor-2\/"},"author":{"name":"Sakata","@id":"https:\/\/sakataiberica.com\/pt-pt\/#\/schema\/person\/d6225d4cedd7fe9c0b372fa2624a795b"},"headline":"Colabora\u00e7\u00e3o e especializa\u00e7\u00e3o da comunica\u00e7\u00e3o do setor agr\u00edcola","datePublished":"2020-10-30T09:22:01+00:00","dateModified":"2023-01-10T10:05:43+00:00","mainEntityOfPage":{"@id":"https:\/\/sakataiberica.com\/pt-pt\/colaboracion-y-especializacion-de-la-comunicacion-del-sector-agricola-claves-para-llegar-al-consumidor-2\/"},"wordCount":485,"image":{"@id":"https:\/\/sakataiberica.com\/pt-pt\/colaboracion-y-especializacion-de-la-comunicacion-del-sector-agricola-claves-para-llegar-al-consumidor-2\/#primaryimage"},"thumbnailUrl":"https:\/\/sakataiberica.com\/wp-content\/uploads\/2020\/10\/comunicacion-sector-agricola.jpg","inLanguage":"pt-PT"},{"@type":"WebPage","@id":"https:\/\/sakataiberica.com\/pt-pt\/colaboracion-y-especializacion-de-la-comunicacion-del-sector-agricola-claves-para-llegar-al-consumidor-2\/","url":"https:\/\/sakataiberica.com\/pt-pt\/colaboracion-y-especializacion-de-la-comunicacion-del-sector-agricola-claves-para-llegar-al-consumidor-2\/","name":"Colabora\u00e7\u00e3o e especializa\u00e7\u00e3o da comunica\u00e7\u00e3o do setor agr\u00edcola - Sakata Seed Iberica","isPartOf":{"@id":"https:\/\/sakataiberica.com\/pt-pt\/#website"},"primaryImageOfPage":{"@id":"https:\/\/sakataiberica.com\/pt-pt\/colaboracion-y-especializacion-de-la-comunicacion-del-sector-agricola-claves-para-llegar-al-consumidor-2\/#primaryimage"},"image":{"@id":"https:\/\/sakataiberica.com\/pt-pt\/colaboracion-y-especializacion-de-la-comunicacion-del-sector-agricola-claves-para-llegar-al-consumidor-2\/#primaryimage"},"thumbnailUrl":"https:\/\/sakataiberica.com\/wp-content\/uploads\/2020\/10\/comunicacion-sector-agricola.jpg","datePublished":"2020-10-30T09:22:01+00:00","dateModified":"2023-01-10T10:05:43+00:00","author":{"@id":"https:\/\/sakataiberica.com\/pt-pt\/#\/schema\/person\/d6225d4cedd7fe9c0b372fa2624a795b"},"breadcrumb":{"@id":"https:\/\/sakataiberica.com\/pt-pt\/colaboracion-y-especializacion-de-la-comunicacion-del-sector-agricola-claves-para-llegar-al-consumidor-2\/#breadcrumb"},"inLanguage":"pt-PT","potentialAction":[{"@type":"ReadAction","target":["https:\/\/sakataiberica.com\/pt-pt\/colaboracion-y-especializacion-de-la-comunicacion-del-sector-agricola-claves-para-llegar-al-consumidor-2\/"]}]},{"@type":"ImageObject","inLanguage":"pt-PT","@id":"https:\/\/sakataiberica.com\/pt-pt\/colaboracion-y-especializacion-de-la-comunicacion-del-sector-agricola-claves-para-llegar-al-consumidor-2\/#primaryimage","url":"https:\/\/sakataiberica.com\/wp-content\/uploads\/2020\/10\/comunicacion-sector-agricola.jpg","contentUrl":"https:\/\/sakataiberica.com\/wp-content\/uploads\/2020\/10\/comunicacion-sector-agricola.jpg","width":1000,"height":664},{"@type":"BreadcrumbList","@id":"https:\/\/sakataiberica.com\/pt-pt\/colaboracion-y-especializacion-de-la-comunicacion-del-sector-agricola-claves-para-llegar-al-consumidor-2\/#breadcrumb","itemListElement":[{"@type":"ListItem","position":1,"name":"Portada","item":"https:\/\/sakataiberica.com\/pt-pt\/"},{"@type":"ListItem","position":2,"name":"Colabora\u00e7\u00e3o e especializa\u00e7\u00e3o da comunica\u00e7\u00e3o do setor agr\u00edcola"}]},{"@type":"WebSite","@id":"https:\/\/sakataiberica.com\/pt-pt\/#website","url":"https:\/\/sakataiberica.com\/pt-pt\/","name":"Sakata Seed Iberica","description":"NUESTRA PASI\u00d3N SON LAS SEMILLAS | EL ORIGEN DE LA VIDA","potentialAction":[{"@type":"SearchAction","target":{"@type":"EntryPoint","urlTemplate":"https:\/\/sakataiberica.com\/pt-pt\/?s={search_term_string}"},"query-input":{"@type":"PropertyValueSpecification","valueRequired":true,"valueName":"search_term_string"}}],"inLanguage":"pt-PT"},{"@type":"Person","@id":"https:\/\/sakataiberica.com\/pt-pt\/#\/schema\/person\/d6225d4cedd7fe9c0b372fa2624a795b","name":"Sakata","image":{"@type":"ImageObject","inLanguage":"pt-PT","@id":"https:\/\/secure.gravatar.com\/avatar\/62f7546050f4ba8d6ddb99747d08bb5b265303cb152754980febf15419df9129?s=96&d=mm&r=g","url":"https:\/\/secure.gravatar.com\/avatar\/62f7546050f4ba8d6ddb99747d08bb5b265303cb152754980febf15419df9129?s=96&d=mm&r=g","contentUrl":"https:\/\/secure.gravatar.com\/avatar\/62f7546050f4ba8d6ddb99747d08bb5b265303cb152754980febf15419df9129?s=96&d=mm&r=g","caption":"Sakata"},"url":"https:\/\/sakataiberica.com\/pt-pt\/author\/sakata\/"}]}},"_links":{"self":[{"href":"https:\/\/sakataiberica.com\/pt-pt\/wp-json\/wp\/v2\/posts\/3204","targetHints":{"allow":["GET"]}}],"collection":[{"href":"https:\/\/sakataiberica.com\/pt-pt\/wp-json\/wp\/v2\/posts"}],"about":[{"href":"https:\/\/sakataiberica.com\/pt-pt\/wp-json\/wp\/v2\/types\/post"}],"author":[{"embeddable":true,"href":"https:\/\/sakataiberica.com\/pt-pt\/wp-json\/wp\/v2\/users\/3"}],"replies":[{"embeddable":true,"href":"https:\/\/sakataiberica.com\/pt-pt\/wp-json\/wp\/v2\/comments?post=3204"}],"version-history":[{"count":2,"href":"https:\/\/sakataiberica.com\/pt-pt\/wp-json\/wp\/v2\/posts\/3204\/revisions"}],"predecessor-version":[{"id":5010,"href":"https:\/\/sakataiberica.com\/pt-pt\/wp-json\/wp\/v2\/posts\/3204\/revisions\/5010"}],"wp:featuredmedia":[{"embeddable":true,"href":"https:\/\/sakataiberica.com\/pt-pt\/wp-json\/wp\/v2\/media\/5007"}],"wp:attachment":[{"href":"https:\/\/sakataiberica.com\/pt-pt\/wp-json\/wp\/v2\/media?parent=3204"}],"wp:term":[{"taxonomy":"category","embeddable":true,"href":"https:\/\/sakataiberica.com\/pt-pt\/wp-json\/wp\/v2\/categories?post=3204"},{"taxonomy":"post_tag","embeddable":true,"href":"https:\/\/sakataiberica.com\/pt-pt\/wp-json\/wp\/v2\/tags?post=3204"}],"curies":[{"name":"wp","href":"https:\/\/api.w.org\/{rel}","templated":true}]}}