{"id":7127,"date":"2024-05-08T15:31:44","date_gmt":"2024-05-08T15:31:44","guid":{"rendered":"https:\/\/sakataiberica.com\/?p=7127"},"modified":"2024-05-08T15:32:44","modified_gmt":"2024-05-08T15:32:44","slug":"sakata-adere-a-associacao-5-ao-dia","status":"publish","type":"post","link":"https:\/\/sakataiberica.com\/pt-pt\/sakata-adere-a-associacao-5-ao-dia\/","title":{"rendered":"Sakata Seed Ib\u00e9rica adere \u00e0 Associa\u00e7\u00e3o 5 ao Dia"},"content":{"rendered":"<p><span style=\"font-weight: 400;\">O programa que sensibiliza crian\u00e7as e seniores para h\u00e1bitos de alimenta\u00e7\u00e3o saud\u00e1veis conta agora com um novo aliado.<\/span><\/p>\n<p><span style=\"font-weight: 400;\">Um dos objetivos da Sakata Seed Ib\u00e9rica \u00e9 uma <a href=\"https:\/\/sakataiberica.com\/pt-pt\/responsabilidad-y-sostenibilidad\/\">sociedade mais bem nutrida<\/a> e, por isso mesmo, dedica-se ao cultivo, produ\u00e7\u00e3o e comercializa\u00e7\u00e3o de sementes de frutas e legumes de alta qualidade. Com isto em mente, uniu-se \u00e0 Associa\u00e7\u00e3o 5 ao Dia, para promover o consumo regular destes alimentos.<\/span><\/p>\n<p><span style=\"font-weight: 400;\">O prop\u00f3sito deste programa \u00e9 fomentar o consumo de, pelo menos, 5 por\u00e7\u00f5es de frutas e legumes di\u00e1rios nas crian\u00e7as e nos seniores, para que sigam uma alimenta\u00e7\u00e3o mais saud\u00e1vel e variada, adotem bons h\u00e1bitos alimentares e estilos de vida saud\u00e1veis, valores com os quais a Sakata Seed Ib\u00e9rica se identifica.<\/span><\/p>\n<p><span style=\"font-weight: 400;\">\u201cMelhorar a nutri\u00e7\u00e3o e promover o consumo de frutas e vegetais na nossa alimenta\u00e7\u00e3o \u00e9 um dos nossos principais compromissos. Este \u00e9 um dos valores essenciais que definem as nossas pol\u00edticas de Responsabilidade Social Corporativa. Por esta raz\u00e3o, e depois de um agrad\u00e1vel relacionamento com o 5 ao Dia em Espanha, queremos comprometer-nos e ser parte ativa tamb\u00e9m em Portugal, para ajudar a criar uma sociedade mais nutrida\u201d, destaca Javier Bernabeu, diretor geral da Sakata Seed Ib\u00e9rica.\u00a0<\/span><\/p>\n<p><span style=\"font-weight: 400;\">O Programa 5 ao Dia promove diversas atividades de acordo com o p\u00fablico-alvo, \u201cpossibilitando, diariamente, a visita aos mercados abastecedores de Braga, Coimbra, \u00c9vora, Faro e Lisboa\u201d, explica Joana Neves, diretora geral da Associa\u00e7\u00e3o. \u00c9 tamb\u00e9m mostrado como funciona o circuito de comercializa\u00e7\u00e3o dos alimentos, realizadas provas cegas, sess\u00f5es informativas e muito mais. \u201c\u00c9 com o objetivo de desenvolver estrat\u00e9gias conjuntas, que estas entidades unem sinergias, comprometendo-se a contribuir para a qualidade de vida da sociedade\u201d, conclui.<\/span><\/p>\n<p><span style=\"font-weight: 400;\">A sa\u00fade e o bem-estar dependem muito da alimenta\u00e7\u00e3o e da nutri\u00e7\u00e3o e, o que antes era uma quest\u00e3o de escolha individual, \u00e9 hoje um assunto de responsabilidade social, para o qual a Sakata Seed Ib\u00e9rica e as suas marcas, <a href=\"https:\/\/lovebutternut.com\/pt\/\">Love Butternut<\/a> e <a href=\"https:\/\/www.bimibrocolis.pt\/\">Bimi<\/a>, querem contribuir.\u00a0<\/span><\/p>\n","protected":false},"excerpt":{"rendered":"<p>O programa que sensibiliza crian\u00e7as e seniores para h\u00e1bitos de alimenta\u00e7\u00e3o saud\u00e1veis conta agora com um novo aliado. Um dos objetivos da Sakata Seed Ib\u00e9rica \u00e9 uma sociedade mais bem nutrida e, por isso mesmo, dedica-se ao cultivo, produ\u00e7\u00e3o e comercializa\u00e7\u00e3o de sementes de frutas e legumes de alta qualidade. Com isto em mente, uniu-se [&hellip;]<\/p>\n","protected":false},"author":3,"featured_media":7132,"comment_status":"closed","ping_status":"open","sticky":false,"template":"","format":"standard","meta":{"_monsterinsights_skip_tracking":false,"_monsterinsights_sitenote_active":false,"_monsterinsights_sitenote_note":"","_monsterinsights_sitenote_category":0,"footnotes":""},"categories":[2],"tags":[231,230],"class_list":["post-7127","post","type-post","status-publish","format-standard","has-post-thumbnail","hentry","category-sem-categoria","tag-5aodia","tag-sakataiberica"],"aioseo_notices":[],"yoast_head":"<!-- This site is optimized with the Yoast SEO plugin v27.5 - https:\/\/yoast.com\/product\/yoast-seo-wordpress\/ -->\n<title>Sakata Seed Ib\u00e9rica adere \u00e0 Associa\u00e7\u00e3o 5 ao Dia - Sakata Seed Iberica<\/title>\n<meta name=\"robots\" content=\"index, follow, max-snippet:-1, max-image-preview:large, max-video-preview:-1\" \/>\n<link rel=\"canonical\" href=\"https:\/\/sakataiberica.com\/pt-pt\/sakata-adere-a-associacao-5-ao-dia\/\" \/>\n<meta property=\"og:locale\" content=\"pt_PT\" \/>\n<meta property=\"og:type\" content=\"article\" \/>\n<meta property=\"og:title\" content=\"Sakata Seed Ib\u00e9rica adere \u00e0 Associa\u00e7\u00e3o 5 ao Dia - Sakata Seed Iberica\" \/>\n<meta property=\"og:description\" content=\"O programa que sensibiliza crian\u00e7as e seniores para h\u00e1bitos de alimenta\u00e7\u00e3o saud\u00e1veis conta agora com um novo aliado. Um dos objetivos da Sakata Seed Ib\u00e9rica \u00e9 uma sociedade mais bem nutrida e, por isso mesmo, dedica-se ao cultivo, produ\u00e7\u00e3o e comercializa\u00e7\u00e3o de sementes de frutas e legumes de alta qualidade. Com isto em mente, uniu-se [&hellip;]\" \/>\n<meta property=\"og:url\" content=\"https:\/\/sakataiberica.com\/pt-pt\/sakata-adere-a-associacao-5-ao-dia\/\" \/>\n<meta property=\"og:site_name\" content=\"Sakata Seed Iberica\" \/>\n<meta property=\"article:published_time\" content=\"2024-05-08T15:31:44+00:00\" \/>\n<meta property=\"article:modified_time\" content=\"2024-05-08T15:32:44+00:00\" \/>\n<meta property=\"og:image\" content=\"https:\/\/sakataiberica.com\/wp-content\/uploads\/2024\/05\/site-5dia.png\" \/>\n\t<meta property=\"og:image:width\" content=\"1025\" \/>\n\t<meta property=\"og:image:height\" content=\"682\" \/>\n\t<meta property=\"og:image:type\" content=\"image\/png\" \/>\n<meta name=\"author\" content=\"Sakata\" \/>\n<meta name=\"twitter:card\" content=\"summary_large_image\" \/>\n<meta name=\"twitter:label1\" content=\"Escrito por\" \/>\n\t<meta name=\"twitter:data1\" content=\"Sakata\" \/>\n\t<meta name=\"twitter:label2\" content=\"Tempo estimado de leitura\" \/>\n\t<meta name=\"twitter:data2\" content=\"2 minutos\" \/>\n<script type=\"application\/ld+json\" class=\"yoast-schema-graph\">{\"@context\":\"https:\\\/\\\/schema.org\",\"@graph\":[{\"@type\":\"Article\",\"@id\":\"https:\\\/\\\/sakataiberica.com\\\/pt-pt\\\/sakata-adere-a-associacao-5-ao-dia\\\/#article\",\"isPartOf\":{\"@id\":\"https:\\\/\\\/sakataiberica.com\\\/pt-pt\\\/sakata-adere-a-associacao-5-ao-dia\\\/\"},\"author\":{\"name\":\"Sakata\",\"@id\":\"https:\\\/\\\/sakataiberica.com\\\/pt-pt\\\/#\\\/schema\\\/person\\\/d6225d4cedd7fe9c0b372fa2624a795b\"},\"headline\":\"Sakata Seed Ib\u00e9rica adere \u00e0 Associa\u00e7\u00e3o 5 ao Dia\",\"datePublished\":\"2024-05-08T15:31:44+00:00\",\"dateModified\":\"2024-05-08T15:32:44+00:00\",\"mainEntityOfPage\":{\"@id\":\"https:\\\/\\\/sakataiberica.com\\\/pt-pt\\\/sakata-adere-a-associacao-5-ao-dia\\\/\"},\"wordCount\":350,\"image\":{\"@id\":\"https:\\\/\\\/sakataiberica.com\\\/pt-pt\\\/sakata-adere-a-associacao-5-ao-dia\\\/#primaryimage\"},\"thumbnailUrl\":\"https:\\\/\\\/sakataiberica.com\\\/wp-content\\\/uploads\\\/2024\\\/05\\\/site-5dia.png\",\"keywords\":[\"#5aoDia\",\"#SakataIb\u00e9rica\"],\"inLanguage\":\"pt-PT\"},{\"@type\":\"WebPage\",\"@id\":\"https:\\\/\\\/sakataiberica.com\\\/pt-pt\\\/sakata-adere-a-associacao-5-ao-dia\\\/\",\"url\":\"https:\\\/\\\/sakataiberica.com\\\/pt-pt\\\/sakata-adere-a-associacao-5-ao-dia\\\/\",\"name\":\"Sakata Seed Ib\u00e9rica adere \u00e0 Associa\u00e7\u00e3o 5 ao Dia - Sakata Seed Iberica\",\"isPartOf\":{\"@id\":\"https:\\\/\\\/sakataiberica.com\\\/pt-pt\\\/#website\"},\"primaryImageOfPage\":{\"@id\":\"https:\\\/\\\/sakataiberica.com\\\/pt-pt\\\/sakata-adere-a-associacao-5-ao-dia\\\/#primaryimage\"},\"image\":{\"@id\":\"https:\\\/\\\/sakataiberica.com\\\/pt-pt\\\/sakata-adere-a-associacao-5-ao-dia\\\/#primaryimage\"},\"thumbnailUrl\":\"https:\\\/\\\/sakataiberica.com\\\/wp-content\\\/uploads\\\/2024\\\/05\\\/site-5dia.png\",\"datePublished\":\"2024-05-08T15:31:44+00:00\",\"dateModified\":\"2024-05-08T15:32:44+00:00\",\"author\":{\"@id\":\"https:\\\/\\\/sakataiberica.com\\\/pt-pt\\\/#\\\/schema\\\/person\\\/d6225d4cedd7fe9c0b372fa2624a795b\"},\"breadcrumb\":{\"@id\":\"https:\\\/\\\/sakataiberica.com\\\/pt-pt\\\/sakata-adere-a-associacao-5-ao-dia\\\/#breadcrumb\"},\"inLanguage\":\"pt-PT\",\"potentialAction\":[{\"@type\":\"ReadAction\",\"target\":[\"https:\\\/\\\/sakataiberica.com\\\/pt-pt\\\/sakata-adere-a-associacao-5-ao-dia\\\/\"]}]},{\"@type\":\"ImageObject\",\"inLanguage\":\"pt-PT\",\"@id\":\"https:\\\/\\\/sakataiberica.com\\\/pt-pt\\\/sakata-adere-a-associacao-5-ao-dia\\\/#primaryimage\",\"url\":\"https:\\\/\\\/sakataiberica.com\\\/wp-content\\\/uploads\\\/2024\\\/05\\\/site-5dia.png\",\"contentUrl\":\"https:\\\/\\\/sakataiberica.com\\\/wp-content\\\/uploads\\\/2024\\\/05\\\/site-5dia.png\",\"width\":1025,\"height\":682},{\"@type\":\"BreadcrumbList\",\"@id\":\"https:\\\/\\\/sakataiberica.com\\\/pt-pt\\\/sakata-adere-a-associacao-5-ao-dia\\\/#breadcrumb\",\"itemListElement\":[{\"@type\":\"ListItem\",\"position\":1,\"name\":\"Portada\",\"item\":\"https:\\\/\\\/sakataiberica.com\\\/pt-pt\\\/\"},{\"@type\":\"ListItem\",\"position\":2,\"name\":\"Sakata Seed Ib\u00e9rica adere \u00e0 Associa\u00e7\u00e3o 5 ao Dia\"}]},{\"@type\":\"WebSite\",\"@id\":\"https:\\\/\\\/sakataiberica.com\\\/pt-pt\\\/#website\",\"url\":\"https:\\\/\\\/sakataiberica.com\\\/pt-pt\\\/\",\"name\":\"Sakata Seed Iberica\",\"description\":\"NUESTRA PASI\u00d3N SON LAS SEMILLAS | EL ORIGEN DE LA VIDA\",\"potentialAction\":[{\"@type\":\"SearchAction\",\"target\":{\"@type\":\"EntryPoint\",\"urlTemplate\":\"https:\\\/\\\/sakataiberica.com\\\/pt-pt\\\/?s={search_term_string}\"},\"query-input\":{\"@type\":\"PropertyValueSpecification\",\"valueRequired\":true,\"valueName\":\"search_term_string\"}}],\"inLanguage\":\"pt-PT\"},{\"@type\":\"Person\",\"@id\":\"https:\\\/\\\/sakataiberica.com\\\/pt-pt\\\/#\\\/schema\\\/person\\\/d6225d4cedd7fe9c0b372fa2624a795b\",\"name\":\"Sakata\",\"image\":{\"@type\":\"ImageObject\",\"inLanguage\":\"pt-PT\",\"@id\":\"https:\\\/\\\/secure.gravatar.com\\\/avatar\\\/62f7546050f4ba8d6ddb99747d08bb5b265303cb152754980febf15419df9129?s=96&d=mm&r=g\",\"url\":\"https:\\\/\\\/secure.gravatar.com\\\/avatar\\\/62f7546050f4ba8d6ddb99747d08bb5b265303cb152754980febf15419df9129?s=96&d=mm&r=g\",\"contentUrl\":\"https:\\\/\\\/secure.gravatar.com\\\/avatar\\\/62f7546050f4ba8d6ddb99747d08bb5b265303cb152754980febf15419df9129?s=96&d=mm&r=g\",\"caption\":\"Sakata\"},\"url\":\"https:\\\/\\\/sakataiberica.com\\\/pt-pt\\\/author\\\/sakata\\\/\"}]}<\/script>\n<!-- \/ Yoast SEO plugin. -->","yoast_head_json":{"title":"Sakata Seed Ib\u00e9rica adere \u00e0 Associa\u00e7\u00e3o 5 ao Dia - Sakata Seed Iberica","robots":{"index":"index","follow":"follow","max-snippet":"max-snippet:-1","max-image-preview":"max-image-preview:large","max-video-preview":"max-video-preview:-1"},"canonical":"https:\/\/sakataiberica.com\/pt-pt\/sakata-adere-a-associacao-5-ao-dia\/","og_locale":"pt_PT","og_type":"article","og_title":"Sakata Seed Ib\u00e9rica adere \u00e0 Associa\u00e7\u00e3o 5 ao Dia - Sakata Seed Iberica","og_description":"O programa que sensibiliza crian\u00e7as e seniores para h\u00e1bitos de alimenta\u00e7\u00e3o saud\u00e1veis conta agora com um novo aliado. Um dos objetivos da Sakata Seed Ib\u00e9rica \u00e9 uma sociedade mais bem nutrida e, por isso mesmo, dedica-se ao cultivo, produ\u00e7\u00e3o e comercializa\u00e7\u00e3o de sementes de frutas e legumes de alta qualidade. Com isto em mente, uniu-se [&hellip;]","og_url":"https:\/\/sakataiberica.com\/pt-pt\/sakata-adere-a-associacao-5-ao-dia\/","og_site_name":"Sakata Seed Iberica","article_published_time":"2024-05-08T15:31:44+00:00","article_modified_time":"2024-05-08T15:32:44+00:00","og_image":[{"width":1025,"height":682,"url":"https:\/\/sakataiberica.com\/wp-content\/uploads\/2024\/05\/site-5dia.png","type":"image\/png"}],"author":"Sakata","twitter_card":"summary_large_image","twitter_misc":{"Escrito por":"Sakata","Tempo estimado de leitura":"2 minutos"},"schema":{"@context":"https:\/\/schema.org","@graph":[{"@type":"Article","@id":"https:\/\/sakataiberica.com\/pt-pt\/sakata-adere-a-associacao-5-ao-dia\/#article","isPartOf":{"@id":"https:\/\/sakataiberica.com\/pt-pt\/sakata-adere-a-associacao-5-ao-dia\/"},"author":{"name":"Sakata","@id":"https:\/\/sakataiberica.com\/pt-pt\/#\/schema\/person\/d6225d4cedd7fe9c0b372fa2624a795b"},"headline":"Sakata Seed Ib\u00e9rica adere \u00e0 Associa\u00e7\u00e3o 5 ao Dia","datePublished":"2024-05-08T15:31:44+00:00","dateModified":"2024-05-08T15:32:44+00:00","mainEntityOfPage":{"@id":"https:\/\/sakataiberica.com\/pt-pt\/sakata-adere-a-associacao-5-ao-dia\/"},"wordCount":350,"image":{"@id":"https:\/\/sakataiberica.com\/pt-pt\/sakata-adere-a-associacao-5-ao-dia\/#primaryimage"},"thumbnailUrl":"https:\/\/sakataiberica.com\/wp-content\/uploads\/2024\/05\/site-5dia.png","keywords":["#5aoDia","#SakataIb\u00e9rica"],"inLanguage":"pt-PT"},{"@type":"WebPage","@id":"https:\/\/sakataiberica.com\/pt-pt\/sakata-adere-a-associacao-5-ao-dia\/","url":"https:\/\/sakataiberica.com\/pt-pt\/sakata-adere-a-associacao-5-ao-dia\/","name":"Sakata Seed Ib\u00e9rica adere \u00e0 Associa\u00e7\u00e3o 5 ao Dia - Sakata Seed Iberica","isPartOf":{"@id":"https:\/\/sakataiberica.com\/pt-pt\/#website"},"primaryImageOfPage":{"@id":"https:\/\/sakataiberica.com\/pt-pt\/sakata-adere-a-associacao-5-ao-dia\/#primaryimage"},"image":{"@id":"https:\/\/sakataiberica.com\/pt-pt\/sakata-adere-a-associacao-5-ao-dia\/#primaryimage"},"thumbnailUrl":"https:\/\/sakataiberica.com\/wp-content\/uploads\/2024\/05\/site-5dia.png","datePublished":"2024-05-08T15:31:44+00:00","dateModified":"2024-05-08T15:32:44+00:00","author":{"@id":"https:\/\/sakataiberica.com\/pt-pt\/#\/schema\/person\/d6225d4cedd7fe9c0b372fa2624a795b"},"breadcrumb":{"@id":"https:\/\/sakataiberica.com\/pt-pt\/sakata-adere-a-associacao-5-ao-dia\/#breadcrumb"},"inLanguage":"pt-PT","potentialAction":[{"@type":"ReadAction","target":["https:\/\/sakataiberica.com\/pt-pt\/sakata-adere-a-associacao-5-ao-dia\/"]}]},{"@type":"ImageObject","inLanguage":"pt-PT","@id":"https:\/\/sakataiberica.com\/pt-pt\/sakata-adere-a-associacao-5-ao-dia\/#primaryimage","url":"https:\/\/sakataiberica.com\/wp-content\/uploads\/2024\/05\/site-5dia.png","contentUrl":"https:\/\/sakataiberica.com\/wp-content\/uploads\/2024\/05\/site-5dia.png","width":1025,"height":682},{"@type":"BreadcrumbList","@id":"https:\/\/sakataiberica.com\/pt-pt\/sakata-adere-a-associacao-5-ao-dia\/#breadcrumb","itemListElement":[{"@type":"ListItem","position":1,"name":"Portada","item":"https:\/\/sakataiberica.com\/pt-pt\/"},{"@type":"ListItem","position":2,"name":"Sakata Seed Ib\u00e9rica adere \u00e0 Associa\u00e7\u00e3o 5 ao Dia"}]},{"@type":"WebSite","@id":"https:\/\/sakataiberica.com\/pt-pt\/#website","url":"https:\/\/sakataiberica.com\/pt-pt\/","name":"Sakata Seed Iberica","description":"NUESTRA PASI\u00d3N SON LAS SEMILLAS | EL ORIGEN DE LA VIDA","potentialAction":[{"@type":"SearchAction","target":{"@type":"EntryPoint","urlTemplate":"https:\/\/sakataiberica.com\/pt-pt\/?s={search_term_string}"},"query-input":{"@type":"PropertyValueSpecification","valueRequired":true,"valueName":"search_term_string"}}],"inLanguage":"pt-PT"},{"@type":"Person","@id":"https:\/\/sakataiberica.com\/pt-pt\/#\/schema\/person\/d6225d4cedd7fe9c0b372fa2624a795b","name":"Sakata","image":{"@type":"ImageObject","inLanguage":"pt-PT","@id":"https:\/\/secure.gravatar.com\/avatar\/62f7546050f4ba8d6ddb99747d08bb5b265303cb152754980febf15419df9129?s=96&d=mm&r=g","url":"https:\/\/secure.gravatar.com\/avatar\/62f7546050f4ba8d6ddb99747d08bb5b265303cb152754980febf15419df9129?s=96&d=mm&r=g","contentUrl":"https:\/\/secure.gravatar.com\/avatar\/62f7546050f4ba8d6ddb99747d08bb5b265303cb152754980febf15419df9129?s=96&d=mm&r=g","caption":"Sakata"},"url":"https:\/\/sakataiberica.com\/pt-pt\/author\/sakata\/"}]}},"_links":{"self":[{"href":"https:\/\/sakataiberica.com\/pt-pt\/wp-json\/wp\/v2\/posts\/7127","targetHints":{"allow":["GET"]}}],"collection":[{"href":"https:\/\/sakataiberica.com\/pt-pt\/wp-json\/wp\/v2\/posts"}],"about":[{"href":"https:\/\/sakataiberica.com\/pt-pt\/wp-json\/wp\/v2\/types\/post"}],"author":[{"embeddable":true,"href":"https:\/\/sakataiberica.com\/pt-pt\/wp-json\/wp\/v2\/users\/3"}],"replies":[{"embeddable":true,"href":"https:\/\/sakataiberica.com\/pt-pt\/wp-json\/wp\/v2\/comments?post=7127"}],"version-history":[{"count":5,"href":"https:\/\/sakataiberica.com\/pt-pt\/wp-json\/wp\/v2\/posts\/7127\/revisions"}],"predecessor-version":[{"id":7136,"href":"https:\/\/sakataiberica.com\/pt-pt\/wp-json\/wp\/v2\/posts\/7127\/revisions\/7136"}],"wp:featuredmedia":[{"embeddable":true,"href":"https:\/\/sakataiberica.com\/pt-pt\/wp-json\/wp\/v2\/media\/7132"}],"wp:attachment":[{"href":"https:\/\/sakataiberica.com\/pt-pt\/wp-json\/wp\/v2\/media?parent=7127"}],"wp:term":[{"taxonomy":"category","embeddable":true,"href":"https:\/\/sakataiberica.com\/pt-pt\/wp-json\/wp\/v2\/categories?post=7127"},{"taxonomy":"post_tag","embeddable":true,"href":"https:\/\/sakataiberica.com\/pt-pt\/wp-json\/wp\/v2\/tags?post=7127"}],"curies":[{"name":"wp","href":"https:\/\/api.w.org\/{rel}","templated":true}]}}